{"id":510,"date":"2016-09-09T19:48:12","date_gmt":"2016-09-09T19:48:12","guid":{"rendered":"http:\/\/primaltantra.com\/?p=510&#038;lang=it"},"modified":"2016-09-26T14:53:16","modified_gmt":"2016-09-26T14:53:16","slug":"primal-decondizionamento-dall-infanzia","status":"publish","type":"post","link":"https:\/\/www.primaltantra.com\/it\/primal-decondizionamento-dall-infanzia\/","title":{"rendered":"Primal &#8211; Decondizionamento Dall &#8216;Infanzia"},"content":{"rendered":"<p><strong>Un&#8217;esplorazione pi\u00f9 profonda ed intensa che comprende le tappe precedenti in modo pi\u00f9 avanzato, e ci conduce ancora pi\u00f9 indietro nel tempo, riportandoci in contatto con le tematiche della pi\u00f9 tenera infanzia, come la nascita, il periodo intrauterino, e il concepimento. Fornisce strumenti diversi per comprendere e rilasciare gli starti pi\u00f9 inconsci della propria personalit\u00e0.<\/strong><\/p>\n<p>In questo gruppo sarai guidato passo dopo passo a ritroso nel tempo, attaverso le tappe del tuo sviluppo, ritrovando ad ogni stadio una parte di te stesso. Avrai l&#8217;esperienza diretta delle regole e dei ruoli che ti sono stati imposti dall&#8217;ambiente circostante, e di come questi abbiano creato una falsa personalit\u00e0 attorno a te. Ti sar\u00e0 dato sostegno per esprimere e rilasciare vecchie emozioni che bloccano il fluire della vitalit\u00e0 attraverso il tuo corpo. Esplorerai la costellazione della tua famiglia con profondit\u00e0 e compassione, portando a compimento ci\u00f2 che \u00e8 rimasto incompleto. Guarendoti alle radici, ti sar\u00e0 nuovamente possibile accedere al tuo potenziale, e potrai celebrare la leggerezza e libert\u00e0 dell&#8217;essere che riconquisti quando il vecchio peso dei condizionamenti \u00e8 dissolto.<\/p>\n<p><strong>Per accedere a questo gruppo, richiediamo esperienza precedente di incontro con il bambino interiore (nostri gruppi weekend, o codipendenza, ecc.), o nel lavoro sul rilascio emotivo. (per es.:respiro, pulsazione).\u2028Il gruppo verr\u00e0 condotto in centri di crescita situati in mezzo alla natura, e per la durata del gruppo ai partecipanti verr\u00e0 richiesto di astenersi da qualsiasi contatto diretto con il mondo esterno.<\/strong><\/p>\n","protected":false},"excerpt":{"rendered":"<p>Un&#8217;esplorazione pi\u00f9 profonda ed intensa che comprende le tappe precedenti in modo pi\u00f9 avanzato, e ci conduce ancora pi\u00f9 indietro nel tempo, riportandoci in contatto con le tematiche della pi\u00f9 tenera infanzia, come la nascita, il periodo intrauterino, e il concepimento. Fornisce strumenti diversi per comprendere e rilasciare gli starti pi\u00f9 inconsci della propria personalit\u00e0. [&hellip;]<\/p>\n","protected":false},"author":1,"featured_media":0,"comment_status":"closed","ping_status":"closed","sticky":false,"template":"","format":"standard","meta":{"_acf_changed":false,"footnotes":""},"categories":[34],"tags":[46],"class_list":["post-510","post","type-post","status-publish","format-standard","hentry","category-primal-it","tag-dai-7-ai-10-giorni"],"acf":[],"_links":{"self":[{"href":"https:\/\/www.primaltantra.com\/it\/wp-json\/wp\/v2\/posts\/510","targetHints":{"allow":["GET"]}}],"collection":[{"href":"https:\/\/www.primaltantra.com\/it\/wp-json\/wp\/v2\/posts"}],"about":[{"href":"https:\/\/www.primaltantra.com\/it\/wp-json\/wp\/v2\/types\/post"}],"author":[{"embeddable":true,"href":"https:\/\/www.primaltantra.com\/it\/wp-json\/wp\/v2\/users\/1"}],"replies":[{"embeddable":true,"href":"https:\/\/www.primaltantra.com\/it\/wp-json\/wp\/v2\/comments?post=510"}],"version-history":[{"count":2,"href":"https:\/\/www.primaltantra.com\/it\/wp-json\/wp\/v2\/posts\/510\/revisions"}],"predecessor-version":[{"id":709,"href":"https:\/\/www.primaltantra.com\/it\/wp-json\/wp\/v2\/posts\/510\/revisions\/709"}],"wp:attachment":[{"href":"https:\/\/www.primaltantra.com\/it\/wp-json\/wp\/v2\/media?parent=510"}],"wp:term":[{"taxonomy":"category","embeddable":true,"href":"https:\/\/www.primaltantra.com\/it\/wp-json\/wp\/v2\/categories?post=510"},{"taxonomy":"post_tag","embeddable":true,"href":"https:\/\/www.primaltantra.com\/it\/wp-json\/wp\/v2\/tags?post=510"}],"curies":[{"name":"wp","href":"https:\/\/api.w.org\/{rel}","templated":true}]}}