{"id":744,"date":"2016-09-26T16:01:43","date_gmt":"2016-09-26T16:01:43","guid":{"rendered":"http:\/\/primaltantra.com\/?p=744&#038;lang=it"},"modified":"2016-09-26T16:01:43","modified_gmt":"2016-09-26T16:01:43","slug":"il-cuore-della-pace","status":"publish","type":"post","link":"https:\/\/www.primaltantra.com\/it\/il-cuore-della-pace\/","title":{"rendered":"il Cuore Della Pace"},"content":{"rendered":"<p>La pace profonda \u00e8 il grembo spirituale per la rinascita..\u2028E\u2019 uno spazio oscuro e pacifico in cui possiamo lasciarci andare e prepararci per il nuovo.<\/p>\n<p>Ma tutti portiamo dentro la credenza che la luce \u00e8 il bene e l\u2019oscurit\u00e0 \u00e8 il male. \u2028In questa divisione, l\u2019oscurit\u00e0 diventa il posto in cui giace tutto ci\u00f2 che \u00e8 negato e non voluto. E la luce ci\u00f2 verso cui dobbiamo sforzarci di andare. Questo atteggiamento cea molto stress, ed \u00e8 la sorgente della nostra incapacit\u00e0 di rilassarci davvero.<\/p>\n<p>Quando l\u2019oscurit\u00e0 e la luce si incontrano, fiorisce la luminosa essenza del nero: le ombre del nostro inconscio si dissolvono nella luce della nostra compassione. L\u2019oscurit\u00e0 diventa un luogo di riposo, di vuoto positivo, dove possiamo rigenerarci a un profondo livello cellulare.<\/p>\n<p>Nel cuore della pace, lo spazio della meditazione accade naturalmente. E noi torniamo a casa da noi stessi.<\/p>\n","protected":false},"excerpt":{"rendered":"<p>La pace profonda \u00e8 il grembo spirituale per la rinascita..\u2028E\u2019 uno spazio oscuro e pacifico in cui possiamo lasciarci andare e prepararci per il nuovo. Ma tutti portiamo dentro la credenza che la luce \u00e8 il bene e l\u2019oscurit\u00e0 \u00e8 il male. \u2028In questa divisione, l\u2019oscurit\u00e0 diventa il posto in cui giace tutto ci\u00f2 che [&hellip;]<\/p>\n","protected":false},"author":1,"featured_media":0,"comment_status":"closed","ping_status":"closed","sticky":false,"template":"","format":"standard","meta":{"_acf_changed":false,"footnotes":""},"categories":[42],"tags":[],"class_list":["post-744","post","type-post","status-publish","format-standard","hentry","category-altri-gruppi"],"acf":[],"_links":{"self":[{"href":"https:\/\/www.primaltantra.com\/it\/wp-json\/wp\/v2\/posts\/744","targetHints":{"allow":["GET"]}}],"collection":[{"href":"https:\/\/www.primaltantra.com\/it\/wp-json\/wp\/v2\/posts"}],"about":[{"href":"https:\/\/www.primaltantra.com\/it\/wp-json\/wp\/v2\/types\/post"}],"author":[{"embeddable":true,"href":"https:\/\/www.primaltantra.com\/it\/wp-json\/wp\/v2\/users\/1"}],"replies":[{"embeddable":true,"href":"https:\/\/www.primaltantra.com\/it\/wp-json\/wp\/v2\/comments?post=744"}],"version-history":[{"count":1,"href":"https:\/\/www.primaltantra.com\/it\/wp-json\/wp\/v2\/posts\/744\/revisions"}],"predecessor-version":[{"id":745,"href":"https:\/\/www.primaltantra.com\/it\/wp-json\/wp\/v2\/posts\/744\/revisions\/745"}],"wp:attachment":[{"href":"https:\/\/www.primaltantra.com\/it\/wp-json\/wp\/v2\/media?parent=744"}],"wp:term":[{"taxonomy":"category","embeddable":true,"href":"https:\/\/www.primaltantra.com\/it\/wp-json\/wp\/v2\/categories?post=744"},{"taxonomy":"post_tag","embeddable":true,"href":"https:\/\/www.primaltantra.com\/it\/wp-json\/wp\/v2\/tags?post=744"}],"curies":[{"name":"wp","href":"https:\/\/api.w.org\/{rel}","templated":true}]}}